{"id":2109,"date":"2016-09-21T08:51:15","date_gmt":"2016-09-21T06:51:15","guid":{"rendered":"http:\/\/blog.efutro.com.pl\/?p=2109"},"modified":"2016-09-21T11:55:02","modified_gmt":"2016-09-21T09:55:02","slug":"warsaw-fashion-week-dobiegl-konca","status":"publish","type":"post","link":"http:\/\/blog.efutro.com.pl\/?p=2109","title":{"rendered":"Warsaw Fashion Week dobieg\u0142 ko\u0144ca!"},"content":{"rendered":"<p style=\"text-align: justify;\">Za nami jedno z najgor\u0119tszych wydarze\u0144 w polskim \u015bwiecie mody \u2013 <span style=\"color: #00ccff;\"><strong>Warsaw Fashion Week<\/strong><\/span>, kt\u00f3ry zako\u0144czy\u0142 si\u0119 w minion\u0105 niedziel\u0119. Dla nas takie eventy to wielka gratka i uwielbiamy obserwowa\u0107, jak polscy projektanci coraz silniej wyznaczaj\u0105 trendy.<\/p>\n<p style=\"text-align: justify;\">Tym razem wschodz\u0105ce gwiazdy biznesu modowego, takie jak <span style=\"color: #00ccff;\"><strong>Patryk Wojciechowski<\/strong><\/span> (finalista programu telewizyjnego Project Runway 2) znalaz\u0142y si\u0119 w doborowym towarzystwie znanych polskich projektant\u00f3w &#8211; <span style=\"color: #00ccff;\"><strong>Macieja Zienia<\/strong><\/span>, <span style=\"color: #00ccff;\"><strong>Ewy Minge<\/strong><\/span>, czy <span style=\"color: #00ccff;\"><strong>Micha\u0142a Starosta<\/strong><\/span>.<\/p>\n<p style=\"text-align: justify;\">Opr\u00f3cz samych pokaz\u00f3w, uwag\u0119 przyci\u0105ga\u0142y tak\u017ce wydarzenia towarzysz\u0105ce \u2013 <span style=\"color: #00ccff;\"><strong>Beauty Days<\/strong><\/span>, 5. edycja <span style=\"color: #00ccff;\"><strong>Fast Fashion<\/strong><\/span> (Mi\u0119dzynarodowe Targi Mody) i <span style=\"color: #00ccff;\"><strong>Strefa Shopping<\/strong><\/span> z butikami projektant\u00f3w mody.<\/p>\n<h3 style=\"text-align: justify;\"><strong>Polscy projektanci g\u00f3r\u0105!<\/strong><\/h3>\n<p style=\"text-align: justify;\">Modowe szale\u0144stwo otworzy\u0142o wyst\u0105pienie Anny Fendi oraz pokazy polskich producent\u00f3w odzie\u017cy z eleganck\u0105 kolekcj\u0105 <span style=\"color: #00ccff;\"><strong>S. Moriss<\/strong><\/span> na czele, \u0142\u0105cz\u0105cym pokolenia wyst\u0119pem <span style=\"color: #00ccff;\"><strong>Dream Dress<\/strong><\/span> oraz<span style=\"color: #00ccff;\"><strong> Blue Shadow<\/strong><\/span>, kt\u00f3ry podczas weekendu zosta\u0142 laureatem nagrody Z\u0142oty Manekin w kategorii Najlepsza Kolekcja Sezonu Jesie\u0144-Zima 2016\/2017.<\/p>\n<figure id=\"attachment_2127\" aria-describedby=\"caption-attachment-2127\" style=\"width: 2048px\" class=\"wp-caption aligncenter\"><a href=\"https:\/\/smoriss.pl\/#\" target=\"_blank\"><img loading=\"lazy\" decoding=\"async\" class=\"wp-image-2127 size-full\" src=\"http:\/\/blog.efutro.com.pl\/wp-content\/uploads\/2016\/09\/14372409_1664050357242038_2568952292307028994_o.jpg\" alt=\"pokaz S. Moriss, fot. Warsaw Fashion Week\" width=\"2048\" height=\"1366\" srcset=\"http:\/\/blog.efutro.com.pl\/wp-content\/uploads\/2016\/09\/14372409_1664050357242038_2568952292307028994_o.jpg 2048w, http:\/\/blog.efutro.com.pl\/wp-content\/uploads\/2016\/09\/14372409_1664050357242038_2568952292307028994_o-300x200.jpg 300w, http:\/\/blog.efutro.com.pl\/wp-content\/uploads\/2016\/09\/14372409_1664050357242038_2568952292307028994_o-768x512.jpg 768w, http:\/\/blog.efutro.com.pl\/wp-content\/uploads\/2016\/09\/14372409_1664050357242038_2568952292307028994_o-1024x683.jpg 1024w, http:\/\/blog.efutro.com.pl\/wp-content\/uploads\/2016\/09\/14372409_1664050357242038_2568952292307028994_o-945x630.jpg 945w, http:\/\/blog.efutro.com.pl\/wp-content\/uploads\/2016\/09\/14372409_1664050357242038_2568952292307028994_o-600x400.jpg 600w\" sizes=\"auto, (max-width: 2048px) 100vw, 2048px\" \/><\/a><figcaption id=\"caption-attachment-2127\" class=\"wp-caption-text\">pokaz S. Moriss, fot. Warsaw Fashion Week<\/figcaption><\/figure>\n<p style=\"text-align: justify;\">Nast\u0119pnie odby\u0142 si\u0119 <span style=\"color: #00ccff;\"><strong>Festiwal Mody Anny Fendi<\/strong><\/span>, podczas kt\u00f3rego sze\u015bciu projektant\u00f3w pokaza\u0142o swe kolekcje. Spo\u015br\u00f3d nich Fendi wy\u0142oni\u0142a najlepsz\u0105 tr\u00f3jk\u0119 &#8211; pierwsze miejsce zdoby\u0142a marka <span style=\"color: #00ccff;\"><strong>Kalami<\/strong><\/span>, drug\u0105 nagrod\u0119 otrzyma\u0142a <span style=\"color: #00ccff;\"><strong>Modista<\/strong><\/span>, a trzeci\u0105 <span style=\"color: #00ccff;\"><strong>Klaudia Styl<\/strong><\/span>. Zwyci\u0119stwo Kalami by\u0142o ca\u0142kowicie zas\u0142u\u017cone, a sam pokaz otworzy\u0142 artystyczny pole dance.<\/p>\n<p style=\"text-align: justify;\">Zwie\u0144czeniem pierwszego dnia Fashion Week\u2019u by\u0142 konkurs dla m\u0142odych projektant\u00f3w, w kt\u00f3rym zaprezentowa\u0142o si\u0119 sze\u015b\u0107 polskich szk\u00f3\u0142 mody, a w\u015br\u00f3d nich nasze lokalne, \u0142\u00f3dzkie faworytki. Co bardzo nas ucieszy\u0142o, zwyci\u0119stwo odnios\u0142a <span style=\"color: #00ccff;\"><strong>Iga Dymel<\/strong><\/span> z Wy\u017cszej Szko\u0142y Sztuki i Projektowania w \u0141odzi.<\/p>\n<h3 style=\"text-align: justify;\">Gor\u0105czka sobotniej nocy<\/h3>\n<p style=\"text-align: justify;\">Drugi dzie\u0144 by\u0142 zdecydowanie bardziej mi\u0119dzynarodowy \u2013 spor\u0105 jego cz\u0119\u015b\u0107 po\u015bwi\u0119cono na pokazy mody mi\u0119dzynarodowych projektant\u00f3w \u2013 <span style=\"color: #00ccff;\"><strong>Aleksandry Kmiecik<\/strong><\/span>, czy <span style=\"color: #00ccff;\"><strong>Carmen Emanueli Popa<\/strong><\/span>. Wed\u0142ug nas, jedn\u0105 z najciekawszych kolekcji zaprezentowa\u0142a LOLA Fashion, kt\u00f3ra w swoich strojach niejednokrotnie wykorzystywa\u0142a <span style=\"color: #00ccff;\"><strong><a style=\"color: #00ccff;\" href=\"http:\/\/efutro.com.pl\/\">futra<\/a><\/strong><\/span>. Go\u015bciem specjalnym tego dnia by\u0142a niesamowita <span style=\"color: #00ccff;\"><strong>Patrizia<\/strong> <strong>Gucci<\/strong><\/span>, kt\u00f3ra, jako przewodnicz\u0105ca jury, wr\u0119czy\u0142a nagrody dla najlepszych stoisk, z kt\u00f3rych pierwsze miejsce przypad\u0142o <strong><span style=\"color: #00ccff;\">Ministry of Industry and Trade<\/span><\/strong>.<\/p>\n<figure id=\"attachment_2120\" aria-describedby=\"caption-attachment-2120\" style=\"width: 2048px\" class=\"wp-caption aligncenter\"><a href=\"http:\/\/lola-fashion.com.pl\/?lang=en\" target=\"_blank\"><img loading=\"lazy\" decoding=\"async\" class=\"wp-image-2120 size-full\" src=\"http:\/\/blog.efutro.com.pl\/wp-content\/uploads\/2016\/09\/14352032_336612566678262_691724040655696665_o.jpg\" alt=\"pokaz LOLA Fashion, fot. Warsaw Fashion Week\" width=\"2048\" height=\"1365\" srcset=\"http:\/\/blog.efutro.com.pl\/wp-content\/uploads\/2016\/09\/14352032_336612566678262_691724040655696665_o.jpg 2048w, http:\/\/blog.efutro.com.pl\/wp-content\/uploads\/2016\/09\/14352032_336612566678262_691724040655696665_o-300x200.jpg 300w, http:\/\/blog.efutro.com.pl\/wp-content\/uploads\/2016\/09\/14352032_336612566678262_691724040655696665_o-768x512.jpg 768w, http:\/\/blog.efutro.com.pl\/wp-content\/uploads\/2016\/09\/14352032_336612566678262_691724040655696665_o-1024x683.jpg 1024w, http:\/\/blog.efutro.com.pl\/wp-content\/uploads\/2016\/09\/14352032_336612566678262_691724040655696665_o-945x630.jpg 945w, http:\/\/blog.efutro.com.pl\/wp-content\/uploads\/2016\/09\/14352032_336612566678262_691724040655696665_o-600x400.jpg 600w\" sizes=\"auto, (max-width: 2048px) 100vw, 2048px\" \/><\/a><figcaption id=\"caption-attachment-2120\" class=\"wp-caption-text\">pokaz LOLA Fashion, fot. Warsaw Fashion Week<\/figcaption><\/figure>\n<p style=\"text-align: justify;\">Od kilku lat \u017caden fashion week nie mo\u017ce si\u0119 odby\u0107 bez uczestnictwa trendsetterek. Polska sfera bloggingu modowego z roku na rok coraz bardziej ro\u015bnie w si\u0142\u0119, ale kilka nazwisk niezmiennie utrzymuje si\u0119 na samym szczycie. W tegorocznej edycji Warsaw Fashion Week w debacie udzia\u0142 wzi\u0119\u0142y <span style=\"color: #00ccff;\"><strong>Jessica<\/strong> <strong>Mercedes<\/strong><\/span>, <span style=\"color: #00ccff;\"><strong>Macademian<\/strong> <strong>Girl<\/strong> <\/span>oraz <span style=\"color: #00ccff;\"><strong>Red<\/strong> <strong>Lipstick Monster<\/strong><\/span>, kt\u00f3ra w por\u00f3wnaniu do swoich dw\u00f3ch towarzyszek wywodzi si\u0119 z nieco innej beczki \u2013 prowadzi vlog o tematyce makija\u017cu.<\/p>\n<p style=\"text-align: justify;\">Gor\u0105czka sobotniej nocy dawa\u0142a o sobie mocno zna\u0107 podczas imprezy \u2013 o godzinie 18 rozpocz\u0119\u0142a si\u0119 Gala Wieczorna, podczas kt\u00f3rej rozdano <span style=\"color: #00ccff;\"><strong>Z\u0142ote Manekiny<\/strong><\/span> i odby\u0142 si\u0119 koncert gwiazdy polskiej sceny zar\u00f3wno muzycznej, jak i modowej \u2013 <span style=\"color: #00ccff;\"><strong>Margaret<\/strong><\/span>.<\/p>\n<p style=\"text-align: justify;\">Rozdanie nagr\u00f3d Z\u0142ote Manekiny by\u0142o najwa\u017cniejszym punktem wieczoru. Spo\u015br\u00f3d wielu uzdolnionych projektant\u00f3w i modnych marek, wybrani zostali ci najznakomitsi. Z\u0142oty Manekin dla najlepszej marki trafi\u0142 do <span style=\"color: #00ccff;\"><strong>Cocomore<\/strong><\/span>, najlepszym projektantem okaza\u0142 si\u0119 <span style=\"color: #00ccff;\"><strong>L\u2019attore<\/strong><\/span>, a najlepsz\u0105 kolekcj\u0119 przygotowa\u0142 <span style=\"color: #00ccff;\"><strong>Blue<\/strong> <strong>Shadow<\/strong><\/span>. Z\u0142oty Manekin za najlepszy produkt zdoby\u0142 <span style=\"color: #00ccff;\"><strong>S. Moriss<\/strong><\/span>, odkryciem sezonu okaza\u0142a si\u0119 <span style=\"color: #00ccff;\"><strong>LOLA<\/strong><\/span>, a najlepszym producentem <span style=\"color: #00ccff;\"><strong>LeMonada<\/strong><\/span>.<\/p>\n<figure id=\"attachment_2126\" aria-describedby=\"caption-attachment-2126\" style=\"width: 2048px\" class=\"wp-caption aligncenter\"><a href=\"http:\/\/blueshadow.pl\/\" target=\"_blank\"><img loading=\"lazy\" decoding=\"async\" class=\"wp-image-2126 size-full\" src=\"http:\/\/blog.efutro.com.pl\/wp-content\/uploads\/2016\/09\/14289978_1664050343908706_9100179791571235287_o.jpg\" alt=\"pokaz Blue Shadow, fot. Warsaw Fashion Week\" width=\"2048\" height=\"1094\" srcset=\"http:\/\/blog.efutro.com.pl\/wp-content\/uploads\/2016\/09\/14289978_1664050343908706_9100179791571235287_o.jpg 2048w, http:\/\/blog.efutro.com.pl\/wp-content\/uploads\/2016\/09\/14289978_1664050343908706_9100179791571235287_o-300x160.jpg 300w, http:\/\/blog.efutro.com.pl\/wp-content\/uploads\/2016\/09\/14289978_1664050343908706_9100179791571235287_o-768x410.jpg 768w, http:\/\/blog.efutro.com.pl\/wp-content\/uploads\/2016\/09\/14289978_1664050343908706_9100179791571235287_o-1024x547.jpg 1024w, http:\/\/blog.efutro.com.pl\/wp-content\/uploads\/2016\/09\/14289978_1664050343908706_9100179791571235287_o-945x505.jpg 945w, http:\/\/blog.efutro.com.pl\/wp-content\/uploads\/2016\/09\/14289978_1664050343908706_9100179791571235287_o-600x321.jpg 600w\" sizes=\"auto, (max-width: 2048px) 100vw, 2048px\" \/><\/a><figcaption id=\"caption-attachment-2126\" class=\"wp-caption-text\">pokaz Blue Shadow, fot. Warsaw Fashion Week<\/figcaption><\/figure>\n<p style=\"text-align: justify;\">Podczas Gali Wieczornej <span style=\"color: #00ccff;\"><strong>Ewa Minge<\/strong><\/span> zaprezentowa\u0142a pokaz <em><span style=\"color: #00ccff;\"><strong>Black Butterflies<\/strong><\/span><\/em>, kt\u00f3rego nazwa zosta\u0142a zaczerpni\u0119ta od nazwy fundacji na rzecz aktywowania ludzi chorych na raka i inne ci\u0119\u017ckie choroby do walki o w\u0142asne \u017cycie i zdrowie. Fundacja powsta\u0142a z inicjatywy samej projektantki. P\u00f3\u017aniej nast\u0105pi\u0142a kulminacja gor\u0105czki sobotniej nocy podczas szalonego after party i gali <span style=\"color: #00ccff;\"><strong>Playboy<\/strong> <strong>Fashion<\/strong> <strong>Night<\/strong><\/span>, prezentuj\u0105cej zmys\u0142ow\u0105, kobiec\u0105 bielizn\u0119.<\/p>\n<figure id=\"attachment_2122\" aria-describedby=\"caption-attachment-2122\" style=\"width: 2048px\" class=\"wp-caption alignnone\"><a href=\"http:\/\/www.evaminge.com\/pl\/\" target=\"_blank\"><img loading=\"lazy\" decoding=\"async\" class=\"wp-image-2122 size-full\" src=\"http:\/\/blog.efutro.com.pl\/wp-content\/uploads\/2016\/09\/14311307_336814366658082_6006492323667185194_o.jpg\" alt=\"pokaz Evy Minge &quot;Black Butterflies&quot;, fot. Warsaw Fashion Week\" width=\"2048\" height=\"1365\" srcset=\"http:\/\/blog.efutro.com.pl\/wp-content\/uploads\/2016\/09\/14311307_336814366658082_6006492323667185194_o.jpg 2048w, http:\/\/blog.efutro.com.pl\/wp-content\/uploads\/2016\/09\/14311307_336814366658082_6006492323667185194_o-300x200.jpg 300w, http:\/\/blog.efutro.com.pl\/wp-content\/uploads\/2016\/09\/14311307_336814366658082_6006492323667185194_o-768x512.jpg 768w, http:\/\/blog.efutro.com.pl\/wp-content\/uploads\/2016\/09\/14311307_336814366658082_6006492323667185194_o-1024x683.jpg 1024w, http:\/\/blog.efutro.com.pl\/wp-content\/uploads\/2016\/09\/14311307_336814366658082_6006492323667185194_o-945x630.jpg 945w, http:\/\/blog.efutro.com.pl\/wp-content\/uploads\/2016\/09\/14311307_336814366658082_6006492323667185194_o-600x400.jpg 600w\" sizes=\"auto, (max-width: 2048px) 100vw, 2048px\" \/><\/a><figcaption id=\"caption-attachment-2122\" class=\"wp-caption-text\">pokaz Ewy Minge &#8222;Black Butterflies&#8221;, fot. Warsaw Fashion Week<\/figcaption><\/figure>\n<h3 style=\"text-align: justify;\">Zamkni\u0119cie w wielkim stylu<\/h3>\n<p style=\"text-align: justify;\">Trzeciego dnia go\u015bciom nadal towarzyszy\u0142a Partizia Gucci. Mieli te\u017c przyjemno\u015b\u0107 ogl\u0105da\u0107 pokazy <span style=\"color: #00ccff;\"><strong>Rito<\/strong><\/span>, <span style=\"color: #00ccff;\"><strong>Eleny Savo<\/strong><\/span>, czy <span style=\"color: #00ccff;\"><strong>Mility Nikonorov<\/strong><\/span>, kt\u00f3ra zaprezentowa\u0142a suknie wieczorowe, w wi\u0119kszo\u015bci koronkowe. Ponownie pojawi\u0142y si\u0119 na wybiegu kolekcje polskich producent\u00f3w odzie\u017cy \u2013 <span style=\"color: #00ccff;\"><strong>L\u2019attore<\/strong><\/span>, czy <span style=\"color: #00ccff;\"><strong>By Mi\u0119ta, <\/strong><span style=\"color: #333333;\">gdzie odznacza\u0142a si\u0119\u00a0<\/span><\/span><span style=\"color: #333333;\">prz<\/span>ewaga czarnych stroj\u00f3w codziennych z szalon\u0105 nut\u0105 wprowadzon\u0105 przez cekiny. P\u00f3\u017aniej nast\u0105pi\u0142o rozstrzygni\u0119cie konkursu International Fashion Days, podczas kt\u00f3rego nagrody z r\u0105k Patrizii Gucci pow\u0119drowa\u0142y do <span style=\"color: #00ccff;\"><strong>LADA<\/strong><\/span>, <span style=\"color: #00ccff;\"><strong>Militii Nikonorov<\/strong><\/span> oraz <span style=\"color: #00ccff;\"><strong>Eleny Savo<\/strong><\/span>.<\/p>\n<figure id=\"attachment_2124\" aria-describedby=\"caption-attachment-2124\" style=\"width: 2048px\" class=\"wp-caption aligncenter\"><a href=\"https:\/\/www.facebook.com\/ByMi%C4%99ta-1375220766031859\/\" target=\"_blank\"><img loading=\"lazy\" decoding=\"async\" class=\"wp-image-2124 size-full\" src=\"http:\/\/blog.efutro.com.pl\/wp-content\/uploads\/2016\/09\/14310447_337224549950397_8003140519034980335_o.jpg\" alt=\"pokaz By Mi\u0119ta, fot. Warsaw Fashion Week\" width=\"2048\" height=\"1365\" srcset=\"http:\/\/blog.efutro.com.pl\/wp-content\/uploads\/2016\/09\/14310447_337224549950397_8003140519034980335_o.jpg 2048w, http:\/\/blog.efutro.com.pl\/wp-content\/uploads\/2016\/09\/14310447_337224549950397_8003140519034980335_o-300x200.jpg 300w, http:\/\/blog.efutro.com.pl\/wp-content\/uploads\/2016\/09\/14310447_337224549950397_8003140519034980335_o-768x512.jpg 768w, http:\/\/blog.efutro.com.pl\/wp-content\/uploads\/2016\/09\/14310447_337224549950397_8003140519034980335_o-1024x683.jpg 1024w, http:\/\/blog.efutro.com.pl\/wp-content\/uploads\/2016\/09\/14310447_337224549950397_8003140519034980335_o-945x630.jpg 945w, http:\/\/blog.efutro.com.pl\/wp-content\/uploads\/2016\/09\/14310447_337224549950397_8003140519034980335_o-600x400.jpg 600w\" sizes=\"auto, (max-width: 2048px) 100vw, 2048px\" \/><\/a><figcaption id=\"caption-attachment-2124\" class=\"wp-caption-text\">pokaz By Mi\u0119ta, fot. Warsaw Fashion Week<\/figcaption><\/figure>\n<p style=\"text-align: justify;\">Punktem zamykaj\u0105cym Warsaw Fashion Week by\u0142 cukierkowy pokaz <span style=\"color: #00ccff;\"><strong>Agathy Ruiz de la Prada<\/strong><\/span>, kt\u00f3ra zdecydowa\u0142a si\u0119 wykorzysta\u0107 przede wszystkim r\u00f3\u017ce, w tym odcie\u0144 gumy balonowej oraz b\u0142\u0119kity.<\/p>\n<figure id=\"attachment_2125\" aria-describedby=\"caption-attachment-2125\" style=\"width: 2048px\" class=\"wp-caption aligncenter\"><a href=\"http:\/\/www.agatharuizdelaprada.com\/\" target=\"_blank\"><img loading=\"lazy\" decoding=\"async\" class=\"wp-image-2125 size-full\" src=\"http:\/\/blog.efutro.com.pl\/wp-content\/uploads\/2016\/09\/14425496_337229953283190_872810003564332602_o.jpg\" alt=\"pokaz Agathy Ruiz de la Prada, fot. Warsaw Fashion Week\" width=\"2048\" height=\"1365\" srcset=\"http:\/\/blog.efutro.com.pl\/wp-content\/uploads\/2016\/09\/14425496_337229953283190_872810003564332602_o.jpg 2048w, http:\/\/blog.efutro.com.pl\/wp-content\/uploads\/2016\/09\/14425496_337229953283190_872810003564332602_o-300x200.jpg 300w, http:\/\/blog.efutro.com.pl\/wp-content\/uploads\/2016\/09\/14425496_337229953283190_872810003564332602_o-768x512.jpg 768w, http:\/\/blog.efutro.com.pl\/wp-content\/uploads\/2016\/09\/14425496_337229953283190_872810003564332602_o-1024x683.jpg 1024w, http:\/\/blog.efutro.com.pl\/wp-content\/uploads\/2016\/09\/14425496_337229953283190_872810003564332602_o-945x630.jpg 945w, http:\/\/blog.efutro.com.pl\/wp-content\/uploads\/2016\/09\/14425496_337229953283190_872810003564332602_o-600x400.jpg 600w\" sizes=\"auto, (max-width: 2048px) 100vw, 2048px\" \/><\/a><figcaption id=\"caption-attachment-2125\" class=\"wp-caption-text\">pokaz Agathy Ruiz de la Prada, fot. Warsaw Fashion Week<\/figcaption><\/figure>\n<h3 style=\"text-align: justify;\">Rozwijamy si\u0119<\/h3>\n<p style=\"text-align: justify;\">Tegoroczny Warsaw Fashion Week w Warsaw Ptak Expo obfitowa\u0142 w <span style=\"color: #00ccff;\"><strong>r\u00f3\u017cnorodno\u015b\u0107<\/strong><\/span>, a projektanci zaskakiwali swoimi <span style=\"color: #00ccff;\"><strong>innowacyjnymi<\/strong> <\/span>pomys\u0142ami. Wszyscy zaprezentowali si\u0119 od jak najlepszej strony, przede wszystkim wci\u0105\u017c buduj\u0105cy swoje marki m\u0142odzi projektanci, dla kt\u00f3rych to wydarzenie mo\u017ce okaza\u0107 si\u0119 bardzo owocne w ich karierze.<\/p>\n<p style=\"text-align: justify;\">Kibicujemy wszystkim kreatorom mody \u2013 tym mniej i bardziej znanym i jeste\u015bmy dumni z faktu, i\u017c polski \u015bwiat mody ambitnie \u015bciga ten zagraniczny. Co prawda, jak stwierdzi\u0142 <span style=\"color: #00ccff;\"><strong>Micha\u0142 Starost<\/strong><\/span>, polsk\u0105 i \u015bwiatow\u0105 mod\u0119 wi\u0119cej dzieli, ni\u017c \u0142\u0105czy, ale coraz wi\u0119cej polskich nazwisk staje si\u0119 znanych globalnie. Liczymy na to, \u017ce tempo rozwoju polskiej mody nabierze rozp\u0119du i wkr\u00f3tce zdob\u0119dziemy szturmem najwa\u017cniejsze \u015bwiatowe wydarzenia modowe, a przede wszystkim serca nie tylko polskich, ale i zagranicznych klient\u00f3w.<a href=\"http:\/\/warsawfashionweek.eu\/projektanci\/agatha-ruiz-de-la-prada\/\"><br \/>\n<\/a><\/p>\n","protected":false},"excerpt":{"rendered":"<p>Za nami jedno z najgor\u0119tszych wydarze\u0144 w polskim \u015bwiecie mody \u2013 Warsaw Fashion Week, kt\u00f3ry zako\u0144czy\u0142 si\u0119 w minion\u0105 niedziel\u0119. Dla nas takie eventy to wielka gratka i uwielbiamy obserwowa\u0107, [&hellip;]<\/p>\n","protected":false},"author":1,"featured_media":2113,"comment_status":"open","ping_status":"open","sticky":false,"template":"","format":"standard","meta":{"footnotes":""},"categories":[7,8,9,91,11,92,81],"tags":[110,100,89,109,111,108,112,107,106],"class_list":["post-2109","post","type-post","status-publish","format-standard","has-post-thumbnail","hentry","category-faux-fur","category-futerkowe-rewolucje","category-ikona-mody","category-jesienzima-20162017","category-klasyka","category-najmodniejsze-kolory","category-sztuczne-futra","tag-futra","tag-jesienzima-20162017","tag-moda","tag-mlode-talenty","tag-pokazy-mody","tag-projektanci","tag-trendsetter","tag-trendy","tag-warsaw-fashion-week"],"_links":{"self":[{"href":"http:\/\/blog.efutro.com.pl\/index.php?rest_route=\/wp\/v2\/posts\/2109","targetHints":{"allow":["GET"]}}],"collection":[{"href":"http:\/\/blog.efutro.com.pl\/index.php?rest_route=\/wp\/v2\/posts"}],"about":[{"href":"http:\/\/blog.efutro.com.pl\/index.php?rest_route=\/wp\/v2\/types\/post"}],"author":[{"embeddable":true,"href":"http:\/\/blog.efutro.com.pl\/index.php?rest_route=\/wp\/v2\/users\/1"}],"replies":[{"embeddable":true,"href":"http:\/\/blog.efutro.com.pl\/index.php?rest_route=%2Fwp%2Fv2%2Fcomments&post=2109"}],"version-history":[{"count":16,"href":"http:\/\/blog.efutro.com.pl\/index.php?rest_route=\/wp\/v2\/posts\/2109\/revisions"}],"predecessor-version":[{"id":2135,"href":"http:\/\/blog.efutro.com.pl\/index.php?rest_route=\/wp\/v2\/posts\/2109\/revisions\/2135"}],"wp:featuredmedia":[{"embeddable":true,"href":"http:\/\/blog.efutro.com.pl\/index.php?rest_route=\/wp\/v2\/media\/2113"}],"wp:attachment":[{"href":"http:\/\/blog.efutro.com.pl\/index.php?rest_route=%2Fwp%2Fv2%2Fmedia&parent=2109"}],"wp:term":[{"taxonomy":"category","embeddable":true,"href":"http:\/\/blog.efutro.com.pl\/index.php?rest_route=%2Fwp%2Fv2%2Fcategories&post=2109"},{"taxonomy":"post_tag","embeddable":true,"href":"http:\/\/blog.efutro.com.pl\/index.php?rest_route=%2Fwp%2Fv2%2Ftags&post=2109"}],"curies":[{"name":"wp","href":"https:\/\/api.w.org\/{rel}","templated":true}]}}