{"id":537,"date":"2014-05-16T09:27:47","date_gmt":"2014-05-16T07:27:47","guid":{"rendered":"http:\/\/efutro.pl\/blog\/?p=537"},"modified":"2017-06-27T15:13:16","modified_gmt":"2017-06-27T13:13:16","slug":"mamo-ja-tez-chce-futro-2","status":"publish","type":"post","link":"http:\/\/blog.efutro.com.pl\/?p=537","title":{"rendered":"Mamo, ja te\u017c chc\u0119 futro!"},"content":{"rendered":"<p style=\"text-align: center;\">Ka\u017cdy rodzic pragnie, aby jego dziecko posiada\u0142o w szafie odzie\u017c kolorow\u0105, w pomys\u0142owych fasonach i uszyt\u0105 z najwy\u017cszej jako\u015bci materia\u0142\u00f3w. Doskona\u0142ym materia\u0142em jest futro, dzi\u0119ki kt\u00f3remu mo\u017cemy stworzy\u0107 ciekawe elementy dzieci\u0119cej garderoby lub wykorzysta\u0107 je jako dodatek.<\/p>\n<p style=\"text-align: center;\"><img loading=\"lazy\" decoding=\"async\" class=\"aligncenter size-full wp-image-2324\" src=\"http:\/\/blog.efutro.com.pl\/wp-content\/uploads\/2014\/05\/Pierwsze-1.jpg\" alt=\"Pierwsze 1\" width=\"408\" height=\"549\" srcset=\"http:\/\/blog.efutro.com.pl\/wp-content\/uploads\/2014\/05\/Pierwsze-1.jpg 408w, http:\/\/blog.efutro.com.pl\/wp-content\/uploads\/2014\/05\/Pierwsze-1-223x300.jpg 223w\" sizes=\"auto, (max-width: 408px) 100vw, 408px\" \/><\/p>\n<p style=\"text-align: center;\">W ch\u0142odnej lub zimowej aurze, koniecznym elementem dzieci\u0119cego stroju jest czapka. Koniecznie obszerna, puchata, z tzw. uszami. Ka\u017cdy smyk b\u0119dzie zadowolony, maszeruj\u0105c przez \u015bnie\u017cne krajobrazy w takiej cieplutkiej, milutkiej czapie. Przed nami lato, ale mo\u017ce warto pomy\u015ble\u0107 o zimowej garderobie.<\/p>\n<p style=\"text-align: center;\"><img loading=\"lazy\" decoding=\"async\" class=\"aligncenter size-full wp-image-2306\" src=\"http:\/\/blog.efutro.com.pl\/wp-content\/uploads\/2014\/05\/Czapki-\u015brednie.jpg\" alt=\"Czapki \u015brednie\" width=\"1024\" height=\"768\" srcset=\"http:\/\/blog.efutro.com.pl\/wp-content\/uploads\/2014\/05\/Czapki-\u015brednie.jpg 1024w, http:\/\/blog.efutro.com.pl\/wp-content\/uploads\/2014\/05\/Czapki-\u015brednie-300x225.jpg 300w, http:\/\/blog.efutro.com.pl\/wp-content\/uploads\/2014\/05\/Czapki-\u015brednie-768x576.jpg 768w, http:\/\/blog.efutro.com.pl\/wp-content\/uploads\/2014\/05\/Czapki-\u015brednie-945x709.jpg 945w, http:\/\/blog.efutro.com.pl\/wp-content\/uploads\/2014\/05\/Czapki-\u015brednie-600x450.jpg 600w\" sizes=\"auto, (max-width: 1024px) 100vw, 1024px\" \/><\/p>\n<p style=\"text-align: center;\">Dzieci r\u00f3wnie ch\u0119tnie zak\u0142adaj\u0105 kamizelki \u2013 daj\u0105 ciep\u0142o i swobod\u0119 nie kr\u0119puj\u0105c ruch\u00f3w. Uszyta z futerka imituj\u0105cego naturalne, po\u0142\u0105czona w lu\u017anym stylu z d\u017cinsem, obuwiem z wysok\u0105 cholewk\u0105 i kapeluszem lub ze sportowym obuwiem i wzorem militarnym, prezentuje si\u0119 rewelacyjnie a dodatkowo jest przytulna i funkcjonalna.<\/p>\n<p style=\"text-align: center;\">Doskona\u0142a stylizacja ma\u0142ej damy, w tonacji szaro\u015bci, be\u017cu i br\u0105zu. Kr\u00f3tkie, kraciaste szorty z mankietem, grube skarpety wy\u0142aniaj\u0105ce si\u0119 ze stylowych botk\u00f3w, obowi\u0105zkowo kamizelka z futerka z d\u0142ugim w\u0142osem i podkre\u015blaj\u0105ca ca\u0142o\u015b\u0107 du\u017ca czapa \u2013 to zestaw na weekendowy spacer, chroni\u0105cy przed zimnem, stylowy, a przede wszystkim wygodny.<\/p>\n<p style=\"text-align: center;\"><img loading=\"lazy\" decoding=\"async\" class=\"aligncenter size-full wp-image-2312\" src=\"http:\/\/blog.efutro.com.pl\/wp-content\/uploads\/2014\/05\/Kamizelki-1-\u015brednie.jpg\" alt=\"Kamizelki 1 \u015brednie\" width=\"1024\" height=\"768\" srcset=\"http:\/\/blog.efutro.com.pl\/wp-content\/uploads\/2014\/05\/Kamizelki-1-\u015brednie.jpg 1024w, http:\/\/blog.efutro.com.pl\/wp-content\/uploads\/2014\/05\/Kamizelki-1-\u015brednie-300x225.jpg 300w, http:\/\/blog.efutro.com.pl\/wp-content\/uploads\/2014\/05\/Kamizelki-1-\u015brednie-768x576.jpg 768w, http:\/\/blog.efutro.com.pl\/wp-content\/uploads\/2014\/05\/Kamizelki-1-\u015brednie-945x709.jpg 945w, http:\/\/blog.efutro.com.pl\/wp-content\/uploads\/2014\/05\/Kamizelki-1-\u015brednie-600x450.jpg 600w\" sizes=\"auto, (max-width: 1024px) 100vw, 1024px\" \/><\/p>\n<p style=\"text-align: center;\">Na ch\u0142odniejsze dni, kamizelka z du\u017cym kapturem i stylowe szorty w tym samym kolorze to zestaw obowi\u0105zkowy dla ma\u0142ej ksi\u0119\u017cniczki, a motyw pantery i futerkowe kozaczki idealnie komponuj\u0105 si\u0119 z obszern\u0105, w naturalnych kolorach kamizelk\u0105.<\/p>\n<p style=\"text-align: center;\">W wersji nieco bardziej eleganckiej, kamizelka uszyta z d\u0142ugow\u0142osego futra w jasnych, pastelowych kolorach, \u0142\u0105czy si\u0119 kolorystycznie z obuwiem, rozja\u015bnia ca\u0142o\u015b\u0107 ubioru, ukazuj\u0105c si\u0119 spod ciemnego p\u0142aszcza lub podkre\u015bla stylizacj\u0119 w kolorze ecru, rewelacyjnie komponuj\u0105c si\u0119 z delikatno\u015bci\u0105 falbanek sp\u00f3dnicy.<\/p>\n<p style=\"text-align: center;\">Zabawn\u0105 wersj\u0105 jest kamizelka z futerka z motywem zebry. Weso\u0142y str\u00f3j w stylu safari, niew\u0105tpliwie zach\u0119ci do dzia\u0142ania nawet najwi\u0119kszego przeciwnika samodzielnego ubierania si\u0119. Ciep\u0142o, wygoda i rado\u015b\u0107 dla ka\u017cdego malucha.<\/p>\n<p style=\"text-align: center;\"><img loading=\"lazy\" decoding=\"async\" class=\"aligncenter size-full wp-image-2314\" src=\"http:\/\/blog.efutro.com.pl\/wp-content\/uploads\/2014\/05\/Kamizelki-2-\u015brednie.jpg\" alt=\"Kamizelki 2 \u015brednie\" width=\"1024\" height=\"768\" srcset=\"http:\/\/blog.efutro.com.pl\/wp-content\/uploads\/2014\/05\/Kamizelki-2-\u015brednie.jpg 1024w, http:\/\/blog.efutro.com.pl\/wp-content\/uploads\/2014\/05\/Kamizelki-2-\u015brednie-300x225.jpg 300w, http:\/\/blog.efutro.com.pl\/wp-content\/uploads\/2014\/05\/Kamizelki-2-\u015brednie-768x576.jpg 768w, http:\/\/blog.efutro.com.pl\/wp-content\/uploads\/2014\/05\/Kamizelki-2-\u015brednie-945x709.jpg 945w, http:\/\/blog.efutro.com.pl\/wp-content\/uploads\/2014\/05\/Kamizelki-2-\u015brednie-600x450.jpg 600w\" sizes=\"auto, (max-width: 1024px) 100vw, 1024px\" \/><\/p>\n<p style=\"text-align: center;\">Futerka w kolorach t\u0119czy to idealne rozwi\u0105zanie, aby urozmaici\u0107 garderob\u0119 i nada\u0107 mu wyj\u0105tkowego, niespotykanego charakteru. D\u0142ugow\u0142ose wielobarwne futerko skomponowane z r\u00f3wnie kolorowymi legginsami i b\u0142yszcz\u0105cymi trampkami, zadowoli ka\u017cd\u0105 ma\u0142\u0105 modnisi\u0119. Bajeczny efekt zagwarantuje r\u00f3wnie\u017c p\u0142aszczyk z futerka z kolorowymi p\u0119dzelkami. Do tego kolorystycznie dobrane buty i niezwyk\u0142a stylizacja gotowa.<\/p>\n<p style=\"text-align: center;\"><img loading=\"lazy\" decoding=\"async\" class=\"aligncenter size-full wp-image-2316\" src=\"http:\/\/blog.efutro.com.pl\/wp-content\/uploads\/2014\/05\/Kolor-1-\u015brednie.jpg\" alt=\"Kolor 1 \u015brednie\" width=\"1024\" height=\"768\" srcset=\"http:\/\/blog.efutro.com.pl\/wp-content\/uploads\/2014\/05\/Kolor-1-\u015brednie.jpg 1024w, http:\/\/blog.efutro.com.pl\/wp-content\/uploads\/2014\/05\/Kolor-1-\u015brednie-300x225.jpg 300w, http:\/\/blog.efutro.com.pl\/wp-content\/uploads\/2014\/05\/Kolor-1-\u015brednie-768x576.jpg 768w, http:\/\/blog.efutro.com.pl\/wp-content\/uploads\/2014\/05\/Kolor-1-\u015brednie-945x709.jpg 945w, http:\/\/blog.efutro.com.pl\/wp-content\/uploads\/2014\/05\/Kolor-1-\u015brednie-600x450.jpg 600w\" sizes=\"auto, (max-width: 1024px) 100vw, 1024px\" \/><\/p>\n<p style=\"text-align: center;\">Jednolite, kolorowe futerka mog\u0105 by\u0107 wykorzystane w dzieci\u0119cej konfekcji np.: jako dodatek do puchowego p\u0142aszczyka. Intensywnie b\u0142\u0119kitne, delikatnie b\u0142yszcz\u0105ce futro, rewelacyjnie podkre\u015bla satynowy materia\u0142, z kt\u00f3rego uszyte jest okrycie. Jako etola, doskonale wsp\u00f3\u0142gra z mieni\u0105cymi si\u0119 elementami stroju, eksponuj\u0105c delikatno\u015b\u0107 i misterno\u015b\u0107 koronki, haft\u00f3w i tiulu.<\/p>\n<p style=\"text-align: center;\">Chc\u0105c prze\u0142ama\u0107 intensywny kolor ubioru, mo\u017cna zestawi\u0107 go z kurteczk\u0105 z kr\u00f3tkow\u0142osego, jasnego futra w poprzeczne pasy, daj\u0105c efekt prostoty i elegancji. Bia\u0142e futerko r\u00f3wnie\u017c doskonale sprawdzi si\u0119 w roli ko\u0142nierza, dopasowanego do iskrz\u0105cego si\u0119 delikatnie z\u0142ota sukienki, balerinek i dodatk\u00f3w.<\/p>\n<p style=\"text-align: center;\"><img loading=\"lazy\" decoding=\"async\" class=\"aligncenter size-full wp-image-2318\" src=\"http:\/\/blog.efutro.com.pl\/wp-content\/uploads\/2014\/05\/Kolor-2-\u015brednie.jpg\" alt=\"Kolor 2 \u015brednie\" width=\"1024\" height=\"768\" srcset=\"http:\/\/blog.efutro.com.pl\/wp-content\/uploads\/2014\/05\/Kolor-2-\u015brednie.jpg 1024w, http:\/\/blog.efutro.com.pl\/wp-content\/uploads\/2014\/05\/Kolor-2-\u015brednie-300x225.jpg 300w, http:\/\/blog.efutro.com.pl\/wp-content\/uploads\/2014\/05\/Kolor-2-\u015brednie-768x576.jpg 768w, http:\/\/blog.efutro.com.pl\/wp-content\/uploads\/2014\/05\/Kolor-2-\u015brednie-945x709.jpg 945w, http:\/\/blog.efutro.com.pl\/wp-content\/uploads\/2014\/05\/Kolor-2-\u015brednie-600x450.jpg 600w\" sizes=\"auto, (max-width: 1024px) 100vw, 1024px\" \/><\/p>\n<p style=\"text-align: center;\">G\u0142\u00f3wnym elementem dzieci\u0119cej garderoby, w kt\u00f3rej wykorzystywane jest futro to odzie\u017c wierzchnia. Kurtki lub p\u0142aszcze mog\u0105 by\u0107 uszyte z futer w naturalnych, intensywnych lub pastelowych kolorach, mog\u0105 by\u0107 d\u0142ugow\u0142ose i puszyste, kr\u00f3tkow\u0142ose i mi\u0119siste, u\u0142o\u017cone w delikatne k\u0119dziorki lub g\u0142adkie.<\/p>\n<p style=\"text-align: center;\"><img loading=\"lazy\" decoding=\"async\" class=\"aligncenter size-full wp-image-2322\" src=\"http:\/\/blog.efutro.com.pl\/wp-content\/uploads\/2014\/05\/Okrycia-\u015brednie.jpg\" alt=\"Okrycia \u015brednie\" width=\"1024\" height=\"768\" srcset=\"http:\/\/blog.efutro.com.pl\/wp-content\/uploads\/2014\/05\/Okrycia-\u015brednie.jpg 1024w, http:\/\/blog.efutro.com.pl\/wp-content\/uploads\/2014\/05\/Okrycia-\u015brednie-300x225.jpg 300w, http:\/\/blog.efutro.com.pl\/wp-content\/uploads\/2014\/05\/Okrycia-\u015brednie-768x576.jpg 768w, http:\/\/blog.efutro.com.pl\/wp-content\/uploads\/2014\/05\/Okrycia-\u015brednie-945x709.jpg 945w, http:\/\/blog.efutro.com.pl\/wp-content\/uploads\/2014\/05\/Okrycia-\u015brednie-600x450.jpg 600w\" sizes=\"auto, (max-width: 1024px) 100vw, 1024px\" \/><\/p>\n<p style=\"text-align: center;\">Nieco starszym dziewczynkom, na pewno spodobaj\u0105 si\u0119 kurteczki z g\u0142adkiego, d\u0142ugow\u0142osego futra, nadaj\u0105ce szyku i niepowtarzalnego stylu. Do sp\u00f3dnicy, sukienki, w stylu sportowym i eleganckim \u2013 futro to niewyczerpane mo\u017cliwo\u015bci\u00a0 stylizacji.<\/p>\n<p style=\"text-align: center;\"><img loading=\"lazy\" decoding=\"async\" class=\"aligncenter size-full wp-image-2320\" src=\"http:\/\/blog.efutro.com.pl\/wp-content\/uploads\/2014\/05\/Nastolatki-\u015brednie.jpg\" alt=\"Nastolatki \u015brednie\" width=\"1024\" height=\"768\" srcset=\"http:\/\/blog.efutro.com.pl\/wp-content\/uploads\/2014\/05\/Nastolatki-\u015brednie.jpg 1024w, http:\/\/blog.efutro.com.pl\/wp-content\/uploads\/2014\/05\/Nastolatki-\u015brednie-300x225.jpg 300w, http:\/\/blog.efutro.com.pl\/wp-content\/uploads\/2014\/05\/Nastolatki-\u015brednie-768x576.jpg 768w, http:\/\/blog.efutro.com.pl\/wp-content\/uploads\/2014\/05\/Nastolatki-\u015brednie-945x709.jpg 945w, http:\/\/blog.efutro.com.pl\/wp-content\/uploads\/2014\/05\/Nastolatki-\u015brednie-600x450.jpg 600w\" sizes=\"auto, (max-width: 1024px) 100vw, 1024px\" \/><\/p>\n<p style=\"text-align: center;\">Propozycje projektant\u00f3w dla naszych milusi\u0144skich s\u0105 nowoczesne i nieszablonowe. Do wykorzystania na specjalne okazje, jak r\u00f3wnie\u017c na co dzie\u0144. P\u0142aszcze, narzutki czy kurtki zabezpiecz\u0105 przed ch\u0142odem i wiatrem, nadadz\u0105 stylizacji charakteru i animuszu, zagwarantuj\u0105 ochron\u0119 i spok\u00f3j nie tylko najm\u0142odszym ale r\u00f3wnie\u017c rodzicom dbaj\u0105cym o wygod\u0119 i komfort swoich dzieci.<\/p>\n<p style=\"text-align: center;\"><img loading=\"lazy\" decoding=\"async\" class=\"aligncenter size-full wp-image-2326\" src=\"http:\/\/blog.efutro.com.pl\/wp-content\/uploads\/2014\/05\/Wybieg-\u015brednie.jpg\" alt=\"Wybieg \u015brednie\" width=\"1024\" height=\"768\" srcset=\"http:\/\/blog.efutro.com.pl\/wp-content\/uploads\/2014\/05\/Wybieg-\u015brednie.jpg 1024w, http:\/\/blog.efutro.com.pl\/wp-content\/uploads\/2014\/05\/Wybieg-\u015brednie-300x225.jpg 300w, http:\/\/blog.efutro.com.pl\/wp-content\/uploads\/2014\/05\/Wybieg-\u015brednie-768x576.jpg 768w, http:\/\/blog.efutro.com.pl\/wp-content\/uploads\/2014\/05\/Wybieg-\u015brednie-945x709.jpg 945w, http:\/\/blog.efutro.com.pl\/wp-content\/uploads\/2014\/05\/Wybieg-\u015brednie-600x450.jpg 600w\" sizes=\"auto, (max-width: 1024px) 100vw, 1024px\" \/><\/p>\n<p style=\"text-align: center;\">\u015awiat futer daje niesko\u0144czone mo\u017cliwo\u015bci wykorzystania go w konfekcji nie tylko dla doros\u0142ych, ale r\u00f3wnie\u017c w odzie\u017cy dzieci\u0119cej i m\u0142odzie\u017cowej. Wystarczy pomys\u0142, projekt i do dzie\u0142a!<\/p>\n<p style=\"text-align: center;\">Niewyczerpalne \u017ar\u00f3d\u0142o r\u00f3\u017cnorodnych futer, dzianin i tkanin futerkowych znajdziecie w sklepie internetowym\u00a0&#8211; <a title=\"www.efutro.pl\" href=\"http:\/\/www.efutro.pl\" target=\"_blank\">www.efutro.pl<\/a>, zapraszamy!<\/p>\n<p style=\"text-align: center;\"><img loading=\"lazy\" decoding=\"async\" class=\"aligncenter size-full wp-image-2310\" src=\"http:\/\/blog.efutro.com.pl\/wp-content\/uploads\/2014\/05\/Fotor-suma-2-\u015brednie.jpg\" alt=\"Fotor suma 2 \u015brednie\" width=\"1024\" height=\"768\" srcset=\"http:\/\/blog.efutro.com.pl\/wp-content\/uploads\/2014\/05\/Fotor-suma-2-\u015brednie.jpg 1024w, http:\/\/blog.efutro.com.pl\/wp-content\/uploads\/2014\/05\/Fotor-suma-2-\u015brednie-300x225.jpg 300w, http:\/\/blog.efutro.com.pl\/wp-content\/uploads\/2014\/05\/Fotor-suma-2-\u015brednie-768x576.jpg 768w, http:\/\/blog.efutro.com.pl\/wp-content\/uploads\/2014\/05\/Fotor-suma-2-\u015brednie-945x709.jpg 945w, http:\/\/blog.efutro.com.pl\/wp-content\/uploads\/2014\/05\/Fotor-suma-2-\u015brednie-600x450.jpg 600w\" sizes=\"auto, (max-width: 1024px) 100vw, 1024px\" \/><\/p>\n<p style=\"text-align: center;\">\u0179r\u00f3d\u0142o:<\/p>\n<p style=\"text-align: center;\"><a href=\"http:\/\/www.spohszine.com\/\">http:\/\/www.spohszine.com\/<\/a><\/p>\n<p style=\"text-align: center;\"><a href=\"http:\/\/www.dailymail.co.uk\/\">http:\/\/www.dailymail.co.uk\/<\/a><\/p>\n<p style=\"text-align: center;\"><a href=\"http:\/\/www.marinobambinos.com\/\">http:\/\/www.marinobambinos.com\/<\/a><\/p>\n<p style=\"text-align: center;\"><a href=\"http:\/\/followpics.co\/\">http:\/\/followpics.co\/<\/a><\/p>\n<p style=\"text-align: center;\"><a href=\"http:\/\/demo.tagroom.com\/\">http:\/\/demo.tagroom.com\/<\/a><\/p>\n<p style=\"text-align: center;\"><a href=\"http:\/\/www.smudgetikka.com\/\">http:\/\/www.smudgetikka.com\/<\/a><\/p>\n<p style=\"text-align: center;\"><a href=\"http:\/\/www.sydnestyle.com\/\">http:\/\/www.sydnestyle.com\/<\/a><\/p>\n<p style=\"text-align: center;\"><a href=\"http:\/\/www.dashinfashion.com\/\">http:\/\/www.dashinfashion.com\/<\/a><\/p>\n<p style=\"text-align: center;\"><a href=\"http:\/\/www.rhbabyandchild.com\/\">http:\/\/www.rhbabyandchild.com\/<\/a><\/p>\n<p style=\"text-align: center;\"><a href=\"http:\/\/kiddytrend.com\">http:\/\/kiddytrend.com\/.<\/a><\/p>\n<p style=\"text-align: center;\"><span style=\"color: #000000;\">*** ZAPRASZAMY &#8211; <a href=\"http:\/\/www.efutro.pl\"><span style=\"color: #000000;\">www.efutro.pl<\/span><\/a> ***<\/span><\/p>\n","protected":false},"excerpt":{"rendered":"<p>Ka\u017cdy rodzic pragnie, aby jego dziecko posiada\u0142o w szafie odzie\u017c kolorow\u0105, w pomys\u0142owych fasonach i uszyt\u0105 z najwy\u017cszej jako\u015bci materia\u0142\u00f3w. Doskona\u0142ym materia\u0142em jest futro, dzi\u0119ki kt\u00f3remu mo\u017cemy stworzy\u0107 ciekawe elementy [&hellip;]<\/p>\n","protected":false},"author":1,"featured_media":2316,"comment_status":"open","ping_status":"open","sticky":false,"template":"","format":"standard","meta":{"footnotes":""},"categories":[6,8,11,12,17],"tags":[35,36,37,38,42],"class_list":["post-537","post","type-post","status-publish","format-standard","has-post-thumbnail","hentry","category-dzieci","category-futerkowe-rewolucje","category-klasyka","category-kolorowe-futerka","category-nowe-projekty","tag-dzianiny-futerkowe","tag-dzieci-2","tag-efutro-pl","tag-fake-fur","tag-futerka-kolorowe"],"_links":{"self":[{"href":"http:\/\/blog.efutro.com.pl\/index.php?rest_route=\/wp\/v2\/posts\/537","targetHints":{"allow":["GET"]}}],"collection":[{"href":"http:\/\/blog.efutro.com.pl\/index.php?rest_route=\/wp\/v2\/posts"}],"about":[{"href":"http:\/\/blog.efutro.com.pl\/index.php?rest_route=\/wp\/v2\/types\/post"}],"author":[{"embeddable":true,"href":"http:\/\/blog.efutro.com.pl\/index.php?rest_route=\/wp\/v2\/users\/1"}],"replies":[{"embeddable":true,"href":"http:\/\/blog.efutro.com.pl\/index.php?rest_route=%2Fwp%2Fv2%2Fcomments&post=537"}],"version-history":[{"count":4,"href":"http:\/\/blog.efutro.com.pl\/index.php?rest_route=\/wp\/v2\/posts\/537\/revisions"}],"predecessor-version":[{"id":2329,"href":"http:\/\/blog.efutro.com.pl\/index.php?rest_route=\/wp\/v2\/posts\/537\/revisions\/2329"}],"wp:featuredmedia":[{"embeddable":true,"href":"http:\/\/blog.efutro.com.pl\/index.php?rest_route=\/wp\/v2\/media\/2316"}],"wp:attachment":[{"href":"http:\/\/blog.efutro.com.pl\/index.php?rest_route=%2Fwp%2Fv2%2Fmedia&parent=537"}],"wp:term":[{"taxonomy":"category","embeddable":true,"href":"http:\/\/blog.efutro.com.pl\/index.php?rest_route=%2Fwp%2Fv2%2Fcategories&post=537"},{"taxonomy":"post_tag","embeddable":true,"href":"http:\/\/blog.efutro.com.pl\/index.php?rest_route=%2Fwp%2Fv2%2Ftags&post=537"}],"curies":[{"name":"wp","href":"https:\/\/api.w.org\/{rel}","templated":true}]}}