{"id":637,"date":"2014-06-06T09:13:40","date_gmt":"2014-06-06T07:13:40","guid":{"rendered":"http:\/\/efutro.pl\/blog\/?p=637"},"modified":"2017-06-28T09:04:45","modified_gmt":"2017-06-28T07:04:45","slug":"gronostaj-futro-ksiazat-i-krolow","status":"publish","type":"post","link":"http:\/\/blog.efutro.com.pl\/?p=637","title":{"rendered":"Gronostaj &#8211; futro ksi\u0105\u017c\u0105t i kr\u00f3l\u00f3w"},"content":{"rendered":"<p style=\"text-align: center;\"><em><span style=\"color: #ff0000;\">Gronostaj<\/span><\/em> to ma\u0142y, drapie\u017cny ssak z rodziny \u0142asicowatych. W zimie jego futro przybiera kolor bia\u0142y. Jedynie ko\u0144c\u00f3wka ogona pozostaje czarna. Ze wzgl\u0119du na nadzwyczajn\u0105 g\u0119sto\u015b\u0107, delikatno\u015b\u0107 i mi\u0119kko\u015b\u0107 futra, dawniej wykorzystywane do szycia ko\u0142nierzy noszonych przez ksi\u0105\u017c\u0105t i kr\u00f3l\u00f3w, obecnie przez rektor\u00f3w i profesor\u00f3w uniwersyteckich podczas uroczysto\u015bci.<\/p>\n<p style=\"text-align: center;\"><img loading=\"lazy\" decoding=\"async\" class=\"aligncenter size-full wp-image-2387\" src=\"http:\/\/blog.efutro.com.pl\/wp-content\/uploads\/2014\/06\/Screen-shot-2011-02-13-at-3.47.23-AM.png\" alt=\"Screen-shot-2011-02-13-at-3.47.23-AM\" width=\"279\" height=\"457\" srcset=\"http:\/\/blog.efutro.com.pl\/wp-content\/uploads\/2014\/06\/Screen-shot-2011-02-13-at-3.47.23-AM.png 279w, http:\/\/blog.efutro.com.pl\/wp-content\/uploads\/2014\/06\/Screen-shot-2011-02-13-at-3.47.23-AM-183x300.png 183w\" sizes=\"auto, (max-width: 279px) 100vw, 279px\" \/><\/p>\n<p style=\"text-align: center;\"><img loading=\"lazy\" decoding=\"async\" class=\"aligncenter size-full wp-image-2380\" src=\"http:\/\/blog.efutro.com.pl\/wp-content\/uploads\/2014\/06\/ermine-robefile-ermine-robe-heraldry-svg-wikimedia-commons-w3f2vwfj.png\" alt=\"ermine-robefile-ermine-robe--heraldry-svg---wikimedia-commons-w3f2vwfj\" width=\"277\" height=\"359\" srcset=\"http:\/\/blog.efutro.com.pl\/wp-content\/uploads\/2014\/06\/ermine-robefile-ermine-robe-heraldry-svg-wikimedia-commons-w3f2vwfj.png 277w, http:\/\/blog.efutro.com.pl\/wp-content\/uploads\/2014\/06\/ermine-robefile-ermine-robe-heraldry-svg-wikimedia-commons-w3f2vwfj-231x300.png 231w\" sizes=\"auto, (max-width: 277px) 100vw, 277px\" \/><\/p>\n<p style=\"text-align: center;\"><img loading=\"lazy\" decoding=\"async\" class=\"aligncenter size-full wp-image-2385\" src=\"http:\/\/blog.efutro.com.pl\/wp-content\/uploads\/2014\/06\/michael-jacksons-auction-004-1.jpg\" alt=\"michael-jacksons-auction-004 (1)\" width=\"264\" height=\"503\" srcset=\"http:\/\/blog.efutro.com.pl\/wp-content\/uploads\/2014\/06\/michael-jacksons-auction-004-1.jpg 264w, http:\/\/blog.efutro.com.pl\/wp-content\/uploads\/2014\/06\/michael-jacksons-auction-004-1-157x300.jpg 157w\" sizes=\"auto, (max-width: 264px) 100vw, 264px\" \/><\/p>\n<p style=\"text-align: center;\">\n<p style=\"text-align: center;\"><em><span style=\"color: #ff0000;\">Gronostaje<\/span><\/em>, obecnie s\u0105 gatunkiem chronionym dlatego te\u017c, chc\u0105c uzyska\u0107 w projektach kr\u00f3lewski efekt <span style=\"color: #ff0000;\"><em>gronostaja<\/em><\/span>,\u00a0nale\u017cy si\u0119gn\u0105\u0107 do propozycji ze \u015bwiata sztucznych futer.<\/p>\n<p style=\"text-align: center;\">\u015awiat mody wykorzystuje charakterystyczny motyw gronostaja g\u0142\u00f3wnie w tworzeniu odzie\u017cy i\u00a0dodatk\u00f3w. Alexander McQueen zaprojektowa\u0142 niewielk\u0105, owaln\u0105 torebk\u0119 z bia\u0142o-czarnego futra, ozdabiaj\u0105c j\u0105 srebrno-diamentow\u0105 czaszk\u0105.<\/p>\n<p style=\"text-align: center;\"><img loading=\"lazy\" decoding=\"async\" class=\"aligncenter size-full wp-image-2369\" src=\"http:\/\/blog.efutro.com.pl\/wp-content\/uploads\/2014\/06\/99fc5fb400205b8b4e8f5f3e.jpg\" alt=\"99fc5fb400205b8b4e8f5f3e\" width=\"402\" height=\"277\" srcset=\"http:\/\/blog.efutro.com.pl\/wp-content\/uploads\/2014\/06\/99fc5fb400205b8b4e8f5f3e.jpg 402w, http:\/\/blog.efutro.com.pl\/wp-content\/uploads\/2014\/06\/99fc5fb400205b8b4e8f5f3e-300x207.jpg 300w\" sizes=\"auto, (max-width: 402px) 100vw, 402px\" \/><\/p>\n<p style=\"text-align: center;\"><img loading=\"lazy\" decoding=\"async\" class=\"aligncenter size-full wp-image-2370\" src=\"http:\/\/blog.efutro.com.pl\/wp-content\/uploads\/2014\/06\/8358d19e001db6934e8f5f4a.jpg\" alt=\"8358d19e001db6934e8f5f4a\" width=\"402\" height=\"402\" srcset=\"http:\/\/blog.efutro.com.pl\/wp-content\/uploads\/2014\/06\/8358d19e001db6934e8f5f4a.jpg 402w, http:\/\/blog.efutro.com.pl\/wp-content\/uploads\/2014\/06\/8358d19e001db6934e8f5f4a-150x150.jpg 150w, http:\/\/blog.efutro.com.pl\/wp-content\/uploads\/2014\/06\/8358d19e001db6934e8f5f4a-300x300.jpg 300w\" sizes=\"auto, (max-width: 402px) 100vw, 402px\" \/><\/p>\n<p style=\"text-align: center;\">\n<p style=\"text-align: center;\">Angielska aktorka, Lily James, na ok\u0142adce magazynu Tatler prezentuje \u017cakiet z bordowego futerka z ko\u0142nierzem w stylu futra <span style=\"color: #ff0000;\"><em>gronostaja<\/em><\/span>. Stylizacja stonowana, elegancka, w dworskim stylu.<\/p>\n<p style=\"text-align: center;\"><img loading=\"lazy\" decoding=\"async\" class=\"aligncenter size-full wp-image-2372\" src=\"http:\/\/blog.efutro.com.pl\/wp-content\/uploads\/2014\/06\/1471339_647224338653627_2067856761_n.jpg\" alt=\"1471339_647224338653627_2067856761_n\" width=\"324\" height=\"423\" srcset=\"http:\/\/blog.efutro.com.pl\/wp-content\/uploads\/2014\/06\/1471339_647224338653627_2067856761_n.jpg 324w, http:\/\/blog.efutro.com.pl\/wp-content\/uploads\/2014\/06\/1471339_647224338653627_2067856761_n-230x300.jpg 230w\" sizes=\"auto, (max-width: 324px) 100vw, 324px\" \/><\/p>\n<p style=\"text-align: center;\">\n<p style=\"text-align: center;\">Valentino, stworzy\u0142 kr\u00f3tki, rozkloszowany p\u0142aszczyk z kapturem. Biel i symetryczno\u015b\u0107 stroju, podkre\u015bli\u0142 bia\u0142ymi cz\u00f3\u0142enkami oraz skromn\u0105 fryzur\u0105.<\/p>\n<p style=\"text-align: center;\"><img loading=\"lazy\" decoding=\"async\" class=\"aligncenter size-full wp-image-2371\" src=\"http:\/\/blog.efutro.com.pl\/wp-content\/uploads\/2014\/06\/1459226_10151907737557772_470831423_n.jpg\" alt=\"1459226_10151907737557772_470831423_n\" width=\"509\" height=\"757\" srcset=\"http:\/\/blog.efutro.com.pl\/wp-content\/uploads\/2014\/06\/1459226_10151907737557772_470831423_n.jpg 509w, http:\/\/blog.efutro.com.pl\/wp-content\/uploads\/2014\/06\/1459226_10151907737557772_470831423_n-202x300.jpg 202w\" sizes=\"auto, (max-width: 509px) 100vw, 509px\" \/><\/p>\n<p style=\"text-align: center;\">\n<p style=\"text-align: center;\">Motyw futra <span style=\"color: #ff0000;\"><em>gronostaja<\/em><\/span> wykorzysta\u0142 w swoich propozycja r\u00f3wnie\u017c Denis Basso, komponuj\u0105c go w okryciach wierzchnich z kolorem bia\u0142ym. Futro stanowi albo przed\u0142u\u017cenie puchowej kurtki albo ozdobny ko\u0142nierz. Dostojny styl <span style=\"color: #ff0000;\"><em>gronostaja<\/em><\/span>, jak wida\u0107 doskonale sprawdza si\u0119 stylizacjach do wykorzystania na co dzie\u0144.<\/p>\n<p style=\"text-align: center;\"><img loading=\"lazy\" decoding=\"async\" class=\"aligncenter size-full wp-image-2379\" src=\"http:\/\/blog.efutro.com.pl\/wp-content\/uploads\/2014\/06\/dbd22d7511ace83de4fd0f875599f582.jpg\" alt=\"dbd22d7511ace83de4fd0f875599f582\" width=\"372\" height=\"552\" srcset=\"http:\/\/blog.efutro.com.pl\/wp-content\/uploads\/2014\/06\/dbd22d7511ace83de4fd0f875599f582.jpg 372w, http:\/\/blog.efutro.com.pl\/wp-content\/uploads\/2014\/06\/dbd22d7511ace83de4fd0f875599f582-202x300.jpg 202w\" sizes=\"auto, (max-width: 372px) 100vw, 372px\" \/><\/p>\n<p style=\"text-align: center;\"><img loading=\"lazy\" decoding=\"async\" class=\"aligncenter size-full wp-image-2378\" src=\"http:\/\/blog.efutro.com.pl\/wp-content\/uploads\/2014\/06\/d0b453cc9cd04c18166d4832f76bfb23.jpg\" alt=\"d0b453cc9cd04c18166d4832f76bfb23\" width=\"372\" height=\"552\" srcset=\"http:\/\/blog.efutro.com.pl\/wp-content\/uploads\/2014\/06\/d0b453cc9cd04c18166d4832f76bfb23.jpg 372w, http:\/\/blog.efutro.com.pl\/wp-content\/uploads\/2014\/06\/d0b453cc9cd04c18166d4832f76bfb23-202x300.jpg 202w\" sizes=\"auto, (max-width: 372px) 100vw, 372px\" \/><\/p>\n<p style=\"text-align: center;\">\n<p style=\"text-align: center;\">Niejednokrotnie, pewne charakterystyczne style wykorzystywane w modzie s\u0105 modyfikowane przez projektant\u00f3w lub stanowi\u0105 dla nich inspiracj\u0119 do stworzenia czego\u015b nowego.<\/p>\n<p style=\"text-align: center;\">W \u015bwiecie sztucznych futer, futro <em><span style=\"color: #ff0000;\">gronostaja<\/span><\/em> sta\u0142o si\u0119 natchnieniem do stworzenia futra o stylu bardzo podobnym, cechuj\u0105cym si\u0119 identyczn\u0105 kolorystyk\u0105, jednak\u017ce o innym kszta\u0142cie i formacie czarnych p\u0119dzelk\u00f3w. P\u0119dzelki maj\u0105 form\u0119\u00a0szpica lub kolca.<\/p>\n<p style=\"text-align: center;\">W architekturze wn\u0119trz wykorzystanie motywu <span style=\"color: #ff0000;\"><em>gronostaja<\/em><\/span> daje nieograniczone mo\u017cliwo\u015bci. Bia\u0142o-czarna poduszka lub narzuta wniesie do wizerunku pomieszczenia ciekawy kontrast, nada mu ostro\u015bci i charakteru.<\/p>\n<p style=\"text-align: center;\"><img loading=\"lazy\" decoding=\"async\" class=\"aligncenter size-full wp-image-2384\" src=\"http:\/\/blog.efutro.com.pl\/wp-content\/uploads\/2014\/06\/LSPR-ID6143306_1.jpg\" alt=\"LSPR-ID6143306_1\" width=\"310\" height=\"310\" srcset=\"http:\/\/blog.efutro.com.pl\/wp-content\/uploads\/2014\/06\/LSPR-ID6143306_1.jpg 310w, http:\/\/blog.efutro.com.pl\/wp-content\/uploads\/2014\/06\/LSPR-ID6143306_1-150x150.jpg 150w, http:\/\/blog.efutro.com.pl\/wp-content\/uploads\/2014\/06\/LSPR-ID6143306_1-300x300.jpg 300w\" sizes=\"auto, (max-width: 310px) 100vw, 310px\" \/><\/p>\n<p style=\"text-align: center;\"><img loading=\"lazy\" decoding=\"async\" class=\"aligncenter size-full wp-image-2386\" src=\"http:\/\/blog.efutro.com.pl\/wp-content\/uploads\/2014\/06\/Product_shot__97645.1374958513.386.513.jpg\" alt=\"Product_shot__97645.1374958513.386.513\" width=\"312\" height=\"312\" srcset=\"http:\/\/blog.efutro.com.pl\/wp-content\/uploads\/2014\/06\/Product_shot__97645.1374958513.386.513.jpg 312w, http:\/\/blog.efutro.com.pl\/wp-content\/uploads\/2014\/06\/Product_shot__97645.1374958513.386.513-150x150.jpg 150w, http:\/\/blog.efutro.com.pl\/wp-content\/uploads\/2014\/06\/Product_shot__97645.1374958513.386.513-300x300.jpg 300w\" sizes=\"auto, (max-width: 312px) 100vw, 312px\" \/><\/p>\n<p style=\"text-align: center;\">\n<p style=\"text-align: center;\">W odzie\u017cy codziennej, futro w szpiczaste p\u0119dzelki pos\u0142u\u017cy do kreowania konfekcji wierzchniej \u2013 kurtek, \u017cakiet\u00f3w lub kamizelek. Mog\u0105 stanowi\u0107 dodatek do kaptur\u00f3w i ko\u0142nierzy.<\/p>\n<p style=\"text-align: center;\"><img loading=\"lazy\" decoding=\"async\" class=\"aligncenter size-full wp-image-2383\" src=\"http:\/\/blog.efutro.com.pl\/wp-content\/uploads\/2014\/06\/il_570xN.607462953_m0up.jpg\" alt=\"il_570xN.607462953_m0up\" width=\"582\" height=\"772\" srcset=\"http:\/\/blog.efutro.com.pl\/wp-content\/uploads\/2014\/06\/il_570xN.607462953_m0up.jpg 582w, http:\/\/blog.efutro.com.pl\/wp-content\/uploads\/2014\/06\/il_570xN.607462953_m0up-226x300.jpg 226w\" sizes=\"auto, (max-width: 582px) 100vw, 582px\" \/><\/p>\n<p style=\"text-align: center;\">\n<p style=\"text-align: center;\">Nieco bardziej szalone ubiory z dwukolorowego futra z p\u0119dzelkami wykorzystuj\u0105 tancerze i aktorzy. Mog\u0105 to by\u0107 d\u0142ugie, szerokie spodnie, ultrakr\u00f3tkie sp\u00f3dniczki, r\u0119kawiczki, nak\u0142adki na wysokie buty lub kaptury z du\u017cymi uszami. Stylizacje dla os\u00f3b odwa\u017cnych wykorzystywane w okre\u015blonym celu \u2013 dla zabawy, podczas pokazu, przedstawienia czy wyst\u0119pu tanecznego.<\/p>\n<p style=\"text-align: center;\"><img loading=\"lazy\" decoding=\"async\" class=\"aligncenter size-full wp-image-2388\" src=\"http:\/\/blog.efutro.com.pl\/wp-content\/uploads\/2014\/06\/white-spike-faux-fur-pant-with-pockets-and-suspenders-fully-lined.jpg\" alt=\"white-spike-faux-fur-pant-with-pockets-and-suspenders-fully-lined\" width=\"972\" height=\"1253\" srcset=\"http:\/\/blog.efutro.com.pl\/wp-content\/uploads\/2014\/06\/white-spike-faux-fur-pant-with-pockets-and-suspenders-fully-lined.jpg 972w, http:\/\/blog.efutro.com.pl\/wp-content\/uploads\/2014\/06\/white-spike-faux-fur-pant-with-pockets-and-suspenders-fully-lined-233x300.jpg 233w, http:\/\/blog.efutro.com.pl\/wp-content\/uploads\/2014\/06\/white-spike-faux-fur-pant-with-pockets-and-suspenders-fully-lined-768x990.jpg 768w, http:\/\/blog.efutro.com.pl\/wp-content\/uploads\/2014\/06\/white-spike-faux-fur-pant-with-pockets-and-suspenders-fully-lined-794x1024.jpg 794w, http:\/\/blog.efutro.com.pl\/wp-content\/uploads\/2014\/06\/white-spike-faux-fur-pant-with-pockets-and-suspenders-fully-lined-945x1218.jpg 945w, http:\/\/blog.efutro.com.pl\/wp-content\/uploads\/2014\/06\/white-spike-faux-fur-pant-with-pockets-and-suspenders-fully-lined-600x773.jpg 600w\" sizes=\"auto, (max-width: 972px) 100vw, 972px\" \/><\/p>\n<p style=\"text-align: center;\"><img loading=\"lazy\" decoding=\"async\" class=\"aligncenter size-full wp-image-2376\" src=\"http:\/\/blog.efutro.com.pl\/wp-content\/uploads\/2014\/06\/clothing-rave-x5-sf114whiteblack_2.jpg\" alt=\"clothing-rave-x5-sf114whiteblack_2\" width=\"745\" height=\"1112\" srcset=\"http:\/\/blog.efutro.com.pl\/wp-content\/uploads\/2014\/06\/clothing-rave-x5-sf114whiteblack_2.jpg 745w, http:\/\/blog.efutro.com.pl\/wp-content\/uploads\/2014\/06\/clothing-rave-x5-sf114whiteblack_2-201x300.jpg 201w, http:\/\/blog.efutro.com.pl\/wp-content\/uploads\/2014\/06\/clothing-rave-x5-sf114whiteblack_2-686x1024.jpg 686w, http:\/\/blog.efutro.com.pl\/wp-content\/uploads\/2014\/06\/clothing-rave-x5-sf114whiteblack_2-600x896.jpg 600w\" sizes=\"auto, (max-width: 745px) 100vw, 745px\" \/><\/p>\n<p style=\"text-align: center;\"><img loading=\"lazy\" decoding=\"async\" class=\"aligncenter size-full wp-image-2382\" src=\"http:\/\/blog.efutro.com.pl\/wp-content\/uploads\/2014\/06\/il_570xN.217674502.jpg\" alt=\"il_570xN.217674502\" width=\"529\" height=\"565\" srcset=\"http:\/\/blog.efutro.com.pl\/wp-content\/uploads\/2014\/06\/il_570xN.217674502.jpg 529w, http:\/\/blog.efutro.com.pl\/wp-content\/uploads\/2014\/06\/il_570xN.217674502-281x300.jpg 281w\" sizes=\"auto, (max-width: 529px) 100vw, 529px\" \/><\/p>\n<p style=\"text-align: center;\">\n<p style=\"text-align: center;\">Pomys\u0142\u00f3w na wykorzystanie futra gronostaja jest wiele. By\u0107 mo\u017ce pojawi si\u0119 ich jeszcze wi\u0119cej, po przeczytaniu powy\u017cszego wpisu.<\/p>\n<p style=\"text-align: center;\">Zapraszamy do zapoznania si\u0119 z ofert\u0105 \u2013 <a href=\"http:\/\/www.efutro.pl\">www.efutro.pl<\/a>.<\/p>\n<p style=\"text-align: center;\"><span style=\"color: #ff0000;\"><em>GRONOSTAJ<\/em><\/span><\/p>\n<p style=\"text-align: center;\"><img loading=\"lazy\" decoding=\"async\" class=\"aligncenter size-full wp-image-2368\" src=\"http:\/\/blog.efutro.com.pl\/wp-content\/uploads\/2014\/06\/6.jpg\" alt=\"6\" width=\"311\" height=\"287\" srcset=\"http:\/\/blog.efutro.com.pl\/wp-content\/uploads\/2014\/06\/6.jpg 311w, http:\/\/blog.efutro.com.pl\/wp-content\/uploads\/2014\/06\/6-300x277.jpg 300w\" sizes=\"auto, (max-width: 311px) 100vw, 311px\" \/> <img loading=\"lazy\" decoding=\"async\" class=\"aligncenter size-full wp-image-2367\" src=\"http:\/\/blog.efutro.com.pl\/wp-content\/uploads\/2014\/06\/5.jpg\" alt=\"5\" width=\"311\" height=\"287\" srcset=\"http:\/\/blog.efutro.com.pl\/wp-content\/uploads\/2014\/06\/5.jpg 311w, http:\/\/blog.efutro.com.pl\/wp-content\/uploads\/2014\/06\/5-300x277.jpg 300w\" sizes=\"auto, (max-width: 311px) 100vw, 311px\" \/> <img loading=\"lazy\" decoding=\"async\" class=\"aligncenter size-full wp-image-2366\" src=\"http:\/\/blog.efutro.com.pl\/wp-content\/uploads\/2014\/06\/4.jpg\" alt=\"4\" width=\"312\" height=\"286\" srcset=\"http:\/\/blog.efutro.com.pl\/wp-content\/uploads\/2014\/06\/4.jpg 312w, http:\/\/blog.efutro.com.pl\/wp-content\/uploads\/2014\/06\/4-300x275.jpg 300w\" sizes=\"auto, (max-width: 312px) 100vw, 312px\" \/><\/p>\n<p style=\"text-align: center;\">\n<p style=\"text-align: center; padding-left: 30px;\">NADCHODZ\u0104CA NOWO\u015a\u0106 &#8211; dwukolorowe futro z d\u0142ugimi, szpiczastymi p\u0119dzelkami:<\/p>\n<p style=\"text-align: center; padding-left: 30px;\"><em><span style=\"color: #ff0000;\">JE\u017bYK<\/span><\/em><\/p>\n<p style=\"text-align: center; padding-left: 30px;\"><img loading=\"lazy\" decoding=\"async\" class=\"aligncenter size-full wp-image-2375\" src=\"http:\/\/blog.efutro.com.pl\/wp-content\/uploads\/2014\/06\/C.jpg\" alt=\"C\" width=\"915\" height=\"612\" srcset=\"http:\/\/blog.efutro.com.pl\/wp-content\/uploads\/2014\/06\/C.jpg 915w, http:\/\/blog.efutro.com.pl\/wp-content\/uploads\/2014\/06\/C-300x201.jpg 300w, http:\/\/blog.efutro.com.pl\/wp-content\/uploads\/2014\/06\/C-768x514.jpg 768w, http:\/\/blog.efutro.com.pl\/wp-content\/uploads\/2014\/06\/C-600x401.jpg 600w\" sizes=\"auto, (max-width: 915px) 100vw, 915px\" \/> <img loading=\"lazy\" decoding=\"async\" class=\"aligncenter size-full wp-image-2374\" src=\"http:\/\/blog.efutro.com.pl\/wp-content\/uploads\/2014\/06\/B.jpg\" alt=\"B\" width=\"915\" height=\"612\" srcset=\"http:\/\/blog.efutro.com.pl\/wp-content\/uploads\/2014\/06\/B.jpg 915w, http:\/\/blog.efutro.com.pl\/wp-content\/uploads\/2014\/06\/B-300x201.jpg 300w, http:\/\/blog.efutro.com.pl\/wp-content\/uploads\/2014\/06\/B-768x514.jpg 768w, http:\/\/blog.efutro.com.pl\/wp-content\/uploads\/2014\/06\/B-600x401.jpg 600w\" sizes=\"auto, (max-width: 915px) 100vw, 915px\" \/> <img loading=\"lazy\" decoding=\"async\" class=\"aligncenter size-full wp-image-2373\" src=\"http:\/\/blog.efutro.com.pl\/wp-content\/uploads\/2014\/06\/A.jpg\" alt=\"A\" width=\"915\" height=\"612\" srcset=\"http:\/\/blog.efutro.com.pl\/wp-content\/uploads\/2014\/06\/A.jpg 915w, http:\/\/blog.efutro.com.pl\/wp-content\/uploads\/2014\/06\/A-300x201.jpg 300w, http:\/\/blog.efutro.com.pl\/wp-content\/uploads\/2014\/06\/A-768x514.jpg 768w, http:\/\/blog.efutro.com.pl\/wp-content\/uploads\/2014\/06\/A-600x401.jpg 600w\" sizes=\"auto, (max-width: 915px) 100vw, 915px\" \/><\/p>\n<p style=\"text-align: center; padding-left: 30px;\">\n<p style=\"text-align: center; padding-left: 30px;\">*** ZAPRASZAMY &#8211; <a href=\"http:\/\/www.efutro.pl\">www.efutro.pl<\/a> ***<\/p>\n<p style=\"text-align: center;\">\u0179r\u00f3d\u0142o:<\/p>\n<p style=\"text-align: center;\"><a href=\"http:\/\/www.nakedcapitalism.com\/\">http:\/\/www.nakedcapitalism.com\/<\/a><\/p>\n<p style=\"text-align: center;\"><a href=\"http:\/\/www.dailymail.co.uk\/\">http:\/\/www.dailymail.co.uk\/<\/a><\/p>\n<p style=\"text-align: center;\"><a href=\"http:\/\/www.bbcicecream.com\">http:\/\/www.bbcicecream.com<\/a><\/p>\n<p style=\"text-align: center;\"><a href=\"http:\/\/www.luxlux.pl\/\">http:\/\/www.luxlux.pl\/<\/a><\/p>\n<p style=\"text-align: center;\"><a href=\"http:\/\/www.pinterest.com\/\">http:\/\/www.pinterest.com\/<\/a><\/p>\n<p style=\"text-align: center;\"><a href=\"http:\/\/www.livingstyles.com.au\/\">http:\/\/www.livingstyles.com.au\/<\/a><\/p>\n<p style=\"text-align: center;\"><a href=\"http:\/\/www.amiclubwear.com\/\">http:\/\/www.amiclubwear.com\/<\/a><\/p>\n<p style=\"text-align: center;\"><a href=\"https:\/\/www.etsy.com\">https:\/\/www.etsy.com<\/a><\/p>\n<p style=\"text-align: center;\"><a href=\"http:\/\/www.yourlamode.com\/\">http:\/\/www.yourlamode.com\/<\/a><\/p>\n<p style=\"text-align: center;\"><a href=\"http:\/\/www.artofabric.com\/\">http:\/\/www.artofabric.com\/<\/a><\/p>\n<p style=\"text-align: center;\"><a href=\"http:\/\/www.bedroomfurniturereviews.com\/\">http:\/\/www.bedroomfurniturereviews.com\/<\/a><\/p>\n","protected":false},"excerpt":{"rendered":"<p>Gronostaj to ma\u0142y, drapie\u017cny ssak z rodziny \u0142asicowatych. W zimie jego futro przybiera kolor bia\u0142y. Jedynie ko\u0144c\u00f3wka ogona pozostaje czarna. Ze wzgl\u0119du na nadzwyczajn\u0105 g\u0119sto\u015b\u0107, delikatno\u015b\u0107 i mi\u0119kko\u015b\u0107 futra, dawniej [&hellip;]<\/p>\n","protected":false},"author":1,"featured_media":1755,"comment_status":"open","ping_status":"open","sticky":false,"template":"","format":"standard","meta":{"footnotes":""},"categories":[7,9,11,17,25],"tags":[35,37,38,45,49,55],"class_list":["post-637","post","type-post","status-publish","format-standard","has-post-thumbnail","hentry","category-faux-fur","category-ikona-mody","category-klasyka","category-nowe-projekty","category-zwierzeta","tag-dzianiny-futerkowe","tag-efutro-pl","tag-fake-fur","tag-gronostaj","tag-jezyk","tag-pedzelki"],"_links":{"self":[{"href":"http:\/\/blog.efutro.com.pl\/index.php?rest_route=\/wp\/v2\/posts\/637","targetHints":{"allow":["GET"]}}],"collection":[{"href":"http:\/\/blog.efutro.com.pl\/index.php?rest_route=\/wp\/v2\/posts"}],"about":[{"href":"http:\/\/blog.efutro.com.pl\/index.php?rest_route=\/wp\/v2\/types\/post"}],"author":[{"embeddable":true,"href":"http:\/\/blog.efutro.com.pl\/index.php?rest_route=\/wp\/v2\/users\/1"}],"replies":[{"embeddable":true,"href":"http:\/\/blog.efutro.com.pl\/index.php?rest_route=%2Fwp%2Fv2%2Fcomments&post=637"}],"version-history":[{"count":3,"href":"http:\/\/blog.efutro.com.pl\/index.php?rest_route=\/wp\/v2\/posts\/637\/revisions"}],"predecessor-version":[{"id":2390,"href":"http:\/\/blog.efutro.com.pl\/index.php?rest_route=\/wp\/v2\/posts\/637\/revisions\/2390"}],"wp:featuredmedia":[{"embeddable":true,"href":"http:\/\/blog.efutro.com.pl\/index.php?rest_route=\/wp\/v2\/media\/1755"}],"wp:attachment":[{"href":"http:\/\/blog.efutro.com.pl\/index.php?rest_route=%2Fwp%2Fv2%2Fmedia&parent=637"}],"wp:term":[{"taxonomy":"category","embeddable":true,"href":"http:\/\/blog.efutro.com.pl\/index.php?rest_route=%2Fwp%2Fv2%2Fcategories&post=637"},{"taxonomy":"post_tag","embeddable":true,"href":"http:\/\/blog.efutro.com.pl\/index.php?rest_route=%2Fwp%2Fv2%2Ftags&post=637"}],"curies":[{"name":"wp","href":"https:\/\/api.w.org\/{rel}","templated":true}]}}